{"id":46,"date":"2007-06-29T13:36:00","date_gmt":"2007-06-29T13:36:00","guid":{"rendered":"http:\/\/grummfy.be\/blog\/?p=46"},"modified":"2007-06-29T13:36:00","modified_gmt":"2007-06-29T13:36:00","slug":"mourir-a-50-ans","status":"publish","type":"post","link":"https:\/\/grummfy.be\/blog\/46","title":{"rendered":"Mourir \u00e0 50 ans ?"},"content":{"rendered":"<h2>Sauvez la mediath\u00e8que&nbsp;!<\/h2>\n<blockquote>\n<p>La M\u00e9diath\u00e8que est une institution qui fait partie du paysage culturel belge depuis cinquante ans et que de nombreux pays voisins nous envient.<\/p>\n<\/blockquote>\n<pre><\/pre>\n<blockquote>\n<p>Cinquante ann\u00e9es pass\u00e9es \u00e0 constituer une extraordinaire collection de plus de 348.000 titres diff\u00e9rents (du LP au DVD\u2026) pour un total de plus de 875.000 m\u00e9dias. Vous \u00eates aujourd\u2019hui  576.900 membres inscrits \u00e0 vous int\u00e9resser \u00e0 ces collections. Pendant ces d\u00e9cennies, nous n\u2019avons eu de cesse de d\u00e9velopper l\u2019id\u00e9e d\u2019une culture accessible au plus grand nombre. Nous avons voulu que chacun puisse se construire son \u00e9coute et sa vision de l\u2019histoire et de la diversit\u00e9 des musiques et des images \u2013 sa vision du monde, m\u00eame &#8211; en dehors des pressions du march\u00e9. Mieux encore, nous avons agi, jour apr\u00e8s jour, cinquante ans durant, pour que le personnel de la M\u00e9diath\u00e8que vous guide dans le d\u00e9dale merveilleux de ses vastes collections. Mais aujourd\u2019hui les march\u00e9s du disque et du DVD vont mal. Les ventes diminuent de mani\u00e8re vertigineuse. Le pr\u00eat des m\u00e9dias suit la m\u00eame courbe infernale. La M\u00e9diath\u00e8que est en danger! Parce que m\u00eame si elle est un service au public, elle n\u2019est pas un service public. Parce que nous n\u2019avons pas  un statut de fonctionnaire. La M\u00e9diath\u00e8que est une ASBL subsidi\u00e9e par la Communaut\u00e9 fran\u00e7aise \u00e0 hauteur seulement du tiers de son budget actuel. Le reste d\u00e9pend du pr\u00eat et donc de vous, de votre int\u00e9r\u00eat pour les expressions musicales, audiovisuelles et multim\u00e9dia qui vous sont propos\u00e9es. En effet, si notre subside n\u2019augmente pas de mani\u00e8re significative dans l\u2019imm\u00e9diat, le volume global du personnel risque de diminuer dans des proportions critiques. Et sans doute la M\u00e9diath\u00e8que devra-t-elle fermer certains centres de pr\u00eat et stationnements de discobus. Bien s\u00fbr nous imaginons une conception renouvel\u00e9e de notre m\u00e9tier pour que les amateurs de musique et de cin\u00e9ma puissent encore nous rencontrer \u2013 et se rencontrer \u2013 directement ou virtuellement et plonger au plus profond de notre riche patrimoine. Nous nous attelons \u00e0 cr\u00e9er une nouvelle m\u00e9diath\u00e8que, \u00e0 d\u00e9velopper d\u2019autres services, pour mettre mieux encore nos comp\u00e9tences, nos connaissances et nos collections \u00e0 votre disposition. Mais notre m\u00e9tier est en danger et il sera difficile de faire mieux et plus avec des effectifs r\u00e9duits. Au-del\u00e0 de chacun d\u2019entre nous, c\u2019est une id\u00e9e de la culture qui est en danger. Nous ne voulons pas \u00eatre un maillon du march\u00e9 mais continuer \u00e0 proposer une r\u00e9elle alternative \u00e0 celui-ci. Nous voulons que la Communaut\u00e9 fran\u00e7aise et notre public se battent avec nous pour sauver cette id\u00e9e d\u2019une culture en d\u00e9bat, ouverte sur le monde dans toute sa diversit\u00e9.<\/p>\n<\/blockquote>\n<p><a href=\"http:\/\/petitions.agora.eu.org\/sauver_la_mediatheque\/index.html\">Signer la p\u00e9tition<\/a><\/p>\n<p>Je ne vous fait pas dire l&rsquo;importance de la m\u00e9diath\u00e8que, ce lieux g\u00e9nial o\u00f9 vous pouvez emprunter pour une sommes plus que modique, des cd (e pas que cela!).<\/p>\n<p>Je fait rarement appel, alors pour une fois bouger votre cul (ou plut\u00f4t votre souris et vos petits doigts sur votre clavier!<\/p>\n<p>Et apr\u00e8s avoir signer, peut-\u00eatre que aller louer un cd ou un jeux ou encore un dvd \u00e0 la m\u00e9diath\u00e8que aidera \u00e0 sa sauvegarde. Actuellement&nbsp;: 11201 signatures.<\/p>\n","protected":false},"excerpt":{"rendered":"<p>Sauvez la mediath\u00e8que&nbsp;! La M\u00e9diath\u00e8que est une institution qui fait partie du paysage culturel belge depuis cinquante ans et que de nombreux pays voisins nous envient. Cinquante ann\u00e9es pass\u00e9es \u00e0 constituer une extraordinaire collection de plus de 348.000 titres diff\u00e9rents (du LP au DVD\u2026) pour un total de plus de 875.000 m\u00e9dias. Vous \u00eates aujourd\u2019hui [&hellip;]<\/p>\n","protected":false},"author":1,"featured_media":0,"comment_status":"open","ping_status":"open","sticky":false,"template":"","format":"standard","meta":{"webmentions_disabled_pings":false,"webmentions_disabled":false,"footnotes":""},"categories":[4],"tags":[47,51],"class_list":["post-46","post","type-post","status-publish","format-standard","hentry","category-general","tag-belgique-de-mon-coeur","tag-politique"],"aioseo_notices":[],"_links":{"self":[{"href":"https:\/\/grummfy.be\/blog\/wp-json\/wp\/v2\/posts\/46","targetHints":{"allow":["GET"]}}],"collection":[{"href":"https:\/\/grummfy.be\/blog\/wp-json\/wp\/v2\/posts"}],"about":[{"href":"https:\/\/grummfy.be\/blog\/wp-json\/wp\/v2\/types\/post"}],"author":[{"embeddable":true,"href":"https:\/\/grummfy.be\/blog\/wp-json\/wp\/v2\/users\/1"}],"replies":[{"embeddable":true,"href":"https:\/\/grummfy.be\/blog\/wp-json\/wp\/v2\/comments?post=46"}],"version-history":[{"count":0,"href":"https:\/\/grummfy.be\/blog\/wp-json\/wp\/v2\/posts\/46\/revisions"}],"wp:attachment":[{"href":"https:\/\/grummfy.be\/blog\/wp-json\/wp\/v2\/media?parent=46"}],"wp:term":[{"taxonomy":"category","embeddable":true,"href":"https:\/\/grummfy.be\/blog\/wp-json\/wp\/v2\/categories?post=46"},{"taxonomy":"post_tag","embeddable":true,"href":"https:\/\/grummfy.be\/blog\/wp-json\/wp\/v2\/tags?post=46"}],"curies":[{"name":"wp","href":"https:\/\/api.w.org\/{rel}","templated":true}]}}